{"id":4482,"date":"2018-08-09T15:33:56","date_gmt":"2018-08-09T13:33:56","guid":{"rendered":"https:\/\/www.woodtec.ch\/erstes-hartholz-bsp\/"},"modified":"2020-12-14T15:14:56","modified_gmt":"2020-12-14T14:14:56","slug":"premier-clt-en-feuillu","status":"publish","type":"post","link":"https:\/\/www.woodtec.ch\/fr\/premier-clt-en-feuillu\/","title":{"rendered":"Premier CLT en feuillu"},"content":{"rendered":"\n<div class=\"wp-block-woodtec-blocks-hero-slider hero-slider\"><div rel=\"slider\" data-dots=\"true\" data-accessibility=\"true\" data-adaptiveheight=\"true\" data-autoplay=\"true\" data-arrows=\"true\" data-fade=\"false\" data-focusonselect=\"false\" data-infinite=\"true\" data-pauseonhover=\"true\" data-slidestoshow=\"1\" data-speed=\"300\"><div class=\"slide-item\"><img loading=\"lazy\" decoding=\"async\" src=\"https:\/\/www.woodtec.ch\/wp-content\/uploads\/2020\/06\/header_news_7.jpg\" width=\"2024\" height=\"774\" alt=\"header_news_7\"\/><\/div><\/div><\/div>\n\n\n\n<section id=\"\" class=\"wp-block-woodtec-blocks-section-wrapper page-section page-section-with-title\"><div class=\"section-header\"><div class=\"section-header-wrap\"><div class=\"section-header-tab section-header-title\"><h1>Premier CLT en feuillu<\/h1><p><\/p><\/div><\/div><\/div><div class=\"section-content\">\n<p>Construction Scotland Innovation Centre (CSIC) has worked with leading industry and academic partners to successfully manufacture the UK\u2019s first ever cross laminated timber from hardwood, which will be used to construct the London Design Festival\u2019s flagship pavilion in the Sackler courtyard of the V&amp;A.<\/p>\n<\/div><\/section>\n\n\n\n<section id=\"\" class=\"wp-block-woodtec-blocks-section-wrapper alignwide page-section\"><div class=\"section-content\">\n<p>The 9m high pavilion, named MultiPly, is a collaboration between Waugh Thistleton Architects, the American Hardwood Export Council (AHEC) and engineering firm Arup, with support from CSIC, Glenalmond Timber Company and the Centre for Offsite Construction &amp; Innovative Structures at Edinburgh Napier University.<\/p>\n\n\n\n<p>Cross-laminated timber (CLT) is an engineered timber that can be used to build walls and floors. Thanks to its layered construction, with the wood turned at right angles in each successive layer, weight for weight it is stronger than steel or concrete, and is equally strong in both directions. This makes it the ideal material for prefabrication and rapid assembly, reducing construction times by around 30%.<\/p>\n\n\n\n<p>CLT is usually made of softwood, but AHEC and Arup have recently been experimenting with CLT made from fast-grown North American tulipwood for the past ten years. Testing has shown that the tulipwood is considerably stronger than spruce and also has a superior appearance.<\/p>\n\n\n\n<p>The MultiPly pavilion will consist of 102 CLT panels, which will be used to make 17 modules to be connected together with digitally fabricated joints. It will arrive on site a kit of parts, and be assembled in under a week, in time for opening on 15 September.<\/p>\n\n\n\n<p>One of London Design Festival\u2019s landmark projects, MultiPly aims to show how modular systems made from sustainable materials can help address the problems of climate change and the shortage of housing. The pavilion will lead visitors through a series of stairs, corridors and open spaces, and in the evenings, will become a quiet and contemplative space with subtle lighting that emphasises the natural beauty of the tulipwood.<\/p>\n\n\n\n<h4 class=\"wp-block-heading\">Mark Milne, technical manager at the Construction Scotland Innovation Centre:<\/h4>\n\n\n\n<p>\u201cAHEC approached us to manufacture the CLT for the MultiPly pavilion because, in our Innovation Factory which opened last year, we have the only CLT vacuum press in the UK. Previously AHEC has had to go to the likes of Austria or Germany for their CLT, so they were really pleased to be able to keep this project within the UK.<\/p>\n\n\n\n<p>\u201cMultiPly is a pioneering project for the Scottish organisations involved, firstly because nobody in the UK has made CLT with hardwood before, and as far as we are aware, this is the largest quantity of CLT that has ever been produced in this country. Most CLT that has previously been manufactured in the UK is in small quantities for research projects, with larger amounts used for building generally having to be imported. It\u2019s great that Scotland now has the capability and flexibility at our Innovation Factory to produce CLT in larger quantities for innovative collaboration projects such as this one.<\/p>\n\n\n\n<p>\u201cWe\u2019re really excited to see the end product, and it\u2019s an integral design feature that the modules can be demounted after the festival is over, so that they can be distributed around the country rather than being decommissioned, including one or more of the modules returning to Scotland to be displayed in the Innovation Factory.<\/p>\n\n\n\n<p>\u201cWith so many project partners involved*, MultiPly is a great example of what can be achieved when industry and academia come together, which is what CSIC is all about. We\u2019d also like to recognise the great facilitation work by Peter Wilson of Timber Design Initiatives, who made the initial introductions that led to the realisation of this project.\u201d<\/p>\n\n\n\n<h4 class=\"wp-block-heading\">David Venables, AHEC\u2019s European Director:<\/h4>\n\n\n\n<p>\u201cTo be able to produce the first significant volume of CLT panels ever produced in the UK and for them to be in hardwood is a thrilling achievement, and another landmark in our journey to highlight the valuable role American hardwoods can play as premium products for timber construction. CSIC, working closely with Glenalmond Timber, who have prepared and structurally finger-jointed all the lumber, have made this project possible and their collaborative effort is helping us understand and fine tune the production process. In addition, an extensive testing programme with COCIS at Edinburgh Napier University will ensure we have the necessary data to convince industry that tulipwood CLT is a viable option. The panels look absolutely amazing and we are eagerly awaiting the construction phase now being undertaken by Stage One, and can&rsquo;t wait to see this ambitious structure take up residency at the V&amp;A.\u201d<\/p>\n<\/div><\/section>\n\n\n<section class=\"latest-news-theme wp-block-woodtec-blocks-latest-articles-by-category\">\n\t\t<div class=\"section-entry-content\">\n\t\t<div class=\"latest-news-carousel has-3-articles\" rel=\"news-carousel\"\n\t\t\t data-slick='{\"slidesToShow\": 3}'>\n\t\t\t<article class=\"post-5612 post type-post status-publish format-standard has-post-thumbnail category-wende-und-transportmodul-fr category-portiquedemanutentionpro category-manutention category-tabledemontage category-ossaturebois tag-1-fr entry\" itemscope=\"\" itemtype=\"https:\/\/schema.org\/CreativeWork\"><div title=\"Pr\u00e9fabrication: Point sur la manutention\"><div class=\"entry-visual\"><a href=\"https:\/\/www.woodtec.ch\/fr\/point-sur-la-manutention\/\"><img loading=\"lazy\" decoding=\"async\" src=\"https:\/\/www.woodtec.ch\/wp-content\/uploads\/2021\/10\/Stuberholz-Vorfertigung-Holzrahmenbau-600x600.jpg\" alt=\"Pr\u00e9fabrication: Point sur la manutention\" width=\"600\" height=\"600\"\/><\/a><\/div><div class=\"entry-details\"><p class=\"entry-meta\"><time class=\"entry-time\" itemprop=\"datePublished\" datetime=\"2021-10-07T16:10:47+02:00\">7. octobre 2021<\/time><\/p><h4 class=\"entry-title\" itemprop=\"headline\">Pr\u00e9fabrication: Point sur la manutention<\/h4><p>Au lieu d&rsquo;une automatisation compl\u00e8te, le nouvel \u00e9quipement de l&rsquo;usine de Stu&#8230;<\/p><\/div><\/div><\/article><article class=\"post-5587 post type-post status-publish format-standard has-post-thumbnail category-lamelle-croise-clt category-presseavide category-portiquedinsertion category-portiquedapplication tag-10-fr entry\" itemscope=\"\" itemtype=\"https:\/\/schema.org\/CreativeWork\"><div title=\"Faire votre propre CLT &#8211; \u00e7a en vaut la peine?\"><div class=\"entry-visual\"><a href=\"https:\/\/www.woodtec.ch\/fr\/faire-son-propre-clt\/\"><img loading=\"lazy\" decoding=\"async\" src=\"https:\/\/www.woodtec.ch\/wp-content\/uploads\/2021\/10\/Brettsperrholz-BSP-selber-herstellen-600x480.jpg\" alt=\"Faire votre propre CLT &#8211; \u00e7a en vaut la peine?\" width=\"600\" height=\"480\"\/><\/a><\/div><div class=\"entry-details\"><p class=\"entry-meta\"><time class=\"entry-time\" itemprop=\"datePublished\" datetime=\"2021-10-07T10:01:07+02:00\">7. octobre 2021<\/time><\/p><h4 class=\"entry-title\" itemprop=\"headline\">Faire votre propre CLT &#8211; \u00e7a en vaut la peine?<\/h4><p>Le journal de r\u00e9nomm\u00e9e mikado en interview avec Benjamin Fankhauser<\/p><\/div><\/div><\/article><article class=\"post-5620 post type-post status-publish format-standard has-post-thumbnail category-toitetdalles category-tabledemontage category-ossaturebois tag-1-fr entry\" itemscope=\"\" itemtype=\"https:\/\/schema.org\/CreativeWork\"><div title=\"Pr\u00e9fabriquer, une valeur ajout\u00e9e\"><div class=\"entry-visual\"><a href=\"https:\/\/www.woodtec.ch\/fr\/prefabriquer-valeur-ajoutee\/\"><img loading=\"lazy\" decoding=\"async\" src=\"https:\/\/www.woodtec.ch\/wp-content\/uploads\/2020\/12\/Lengauer-Stockner-11-2-600x600.jpg\" alt=\"Pr\u00e9fabriquer, une valeur ajout\u00e9e\" width=\"600\" height=\"600\"\/><\/a><\/div><div class=\"entry-details\"><p class=\"entry-meta\"><time class=\"entry-time\" itemprop=\"datePublished\" datetime=\"2021-02-18T15:58:41+01:00\">18. f\u00e9vrier 2021<\/time><\/p><h4 class=\"entry-title\" itemprop=\"headline\">Pr\u00e9fabriquer, une valeur ajout\u00e9e<\/h4><p>Avec le bon equipement la pr\u00e9fabrication ossature bois a des avantages financ&#8230;<\/p><\/div><\/div><\/article>\t\t<\/div>\n\t<\/div>\n<\/section>\n","protected":false},"excerpt":{"rendered":"<p>BPS en palissandre pour MultiPly Pavilion \u00e0 Londres sur une presse \u00e0 vide<\/p>\n","protected":false},"author":3,"featured_media":4022,"comment_status":"open","ping_status":"open","sticky":false,"template":"","format":"standard","meta":{"inline_featured_image":false,"_genesis_hide_title":false,"_genesis_hide_breadcrumbs":false,"_genesis_hide_singular_image":false,"_genesis_custom_body_class":"","_genesis_custom_post_class":"","_genesis_layout":"","footnotes":""},"categories":[169,170,172],"tags":[180],"class_list":{"0":"post-4482","1":"post","2":"type-post","3":"status-publish","4":"format-standard","5":"has-post-thumbnail","7":"category-lamelle-croise-clt","8":"category-portiquedapplication","9":"category-presseavide","10":"tag-7-fr","11":"entry"},"yoast_head":"<!-- This site is optimized with the Yoast SEO plugin v25.9 - https:\/\/yoast.com\/wordpress\/plugins\/seo\/ -->\n<title>Premier CLT en feuillu - woodtec Fankhauser GmbH<\/title>\n<meta name=\"robots\" content=\"index, follow, max-snippet:-1, max-image-preview:large, max-video-preview:-1\" \/>\n<link rel=\"canonical\" href=\"https:\/\/www.woodtec.ch\/erstes-hartholz-bsp\/\" \/>\n<meta property=\"og:locale\" content=\"fr_FR\" \/>\n<meta property=\"og:type\" content=\"article\" \/>\n<meta property=\"og:title\" content=\"Premier CLT en feuillu - woodtec Fankhauser GmbH\" \/>\n<meta property=\"og:description\" content=\"BPS en palissandre pour MultiPly Pavilion \u00e0 Londres sur une presse \u00e0 vide\" \/>\n<meta property=\"og:url\" content=\"https:\/\/www.woodtec.ch\/erstes-hartholz-bsp\/\" \/>\n<meta property=\"og:site_name\" content=\"woodtec Fankhauser GmbH\" \/>\n<meta property=\"article:published_time\" content=\"2018-08-09T13:33:56+00:00\" \/>\n<meta property=\"article:modified_time\" content=\"2020-12-14T14:14:56+00:00\" \/>\n<meta property=\"og:image\" content=\"https:\/\/www.woodtec.ch\/wp-content\/uploads\/2018\/08\/IMG_3215-scaled.jpg\" \/>\n\t<meta property=\"og:image:width\" content=\"4000\" \/>\n\t<meta property=\"og:image:height\" content=\"3000\" \/>\n\t<meta property=\"og:image:type\" content=\"image\/jpeg\" \/>\n<meta name=\"author\" content=\"cloudweb admin\" \/>\n<meta name=\"twitter:card\" content=\"summary_large_image\" \/>\n<meta name=\"twitter:label1\" content=\"\u00c9crit par\" \/>\n\t<meta name=\"twitter:data1\" content=\"cloudweb admin\" \/>\n\t<meta name=\"twitter:label2\" content=\"Dur\u00e9e de lecture estim\u00e9e\" \/>\n\t<meta name=\"twitter:data2\" content=\"4 minutes\" \/>\n<script type=\"application\/ld+json\" class=\"yoast-schema-graph\">{\"@context\":\"https:\/\/schema.org\",\"@graph\":[{\"@type\":\"Article\",\"@id\":\"https:\/\/www.woodtec.ch\/erstes-hartholz-bsp\/#article\",\"isPartOf\":{\"@id\":\"https:\/\/www.woodtec.ch\/erstes-hartholz-bsp\/\"},\"author\":{\"name\":\"cloudweb admin\",\"@id\":\"https:\/\/www.woodtec.ch\/en\/#\/schema\/person\/9279513ae2c06b2ae37e80ccf12bc013\"},\"headline\":\"Premier CLT en feuillu\",\"datePublished\":\"2018-08-09T13:33:56+00:00\",\"dateModified\":\"2020-12-14T14:14:56+00:00\",\"mainEntityOfPage\":{\"@id\":\"https:\/\/www.woodtec.ch\/erstes-hartholz-bsp\/\"},\"wordCount\":763,\"commentCount\":0,\"publisher\":{\"@id\":\"https:\/\/www.woodtec.ch\/en\/#organization\"},\"image\":{\"@id\":\"https:\/\/www.woodtec.ch\/erstes-hartholz-bsp\/#primaryimage\"},\"thumbnailUrl\":\"https:\/\/www.woodtec.ch\/wp-content\/uploads\/2018\/08\/IMG_3215-scaled.jpg\",\"keywords\":[\"7\"],\"articleSection\":[\"Lamell\u00e9 crois\u00e9 CLT\",\"Portique d'application de colle\",\"Presse \u00e0 vide\"],\"inLanguage\":\"fr-FR\",\"potentialAction\":[{\"@type\":\"CommentAction\",\"name\":\"Comment\",\"target\":[\"https:\/\/www.woodtec.ch\/erstes-hartholz-bsp\/#respond\"]}]},{\"@type\":\"WebPage\",\"@id\":\"https:\/\/www.woodtec.ch\/erstes-hartholz-bsp\/\",\"url\":\"https:\/\/www.woodtec.ch\/erstes-hartholz-bsp\/\",\"name\":\"Premier CLT en feuillu - woodtec Fankhauser GmbH\",\"isPartOf\":{\"@id\":\"https:\/\/www.woodtec.ch\/en\/#website\"},\"primaryImageOfPage\":{\"@id\":\"https:\/\/www.woodtec.ch\/erstes-hartholz-bsp\/#primaryimage\"},\"image\":{\"@id\":\"https:\/\/www.woodtec.ch\/erstes-hartholz-bsp\/#primaryimage\"},\"thumbnailUrl\":\"https:\/\/www.woodtec.ch\/wp-content\/uploads\/2018\/08\/IMG_3215-scaled.jpg\",\"datePublished\":\"2018-08-09T13:33:56+00:00\",\"dateModified\":\"2020-12-14T14:14:56+00:00\",\"breadcrumb\":{\"@id\":\"https:\/\/www.woodtec.ch\/erstes-hartholz-bsp\/#breadcrumb\"},\"inLanguage\":\"fr-FR\",\"potentialAction\":[{\"@type\":\"ReadAction\",\"target\":[\"https:\/\/www.woodtec.ch\/erstes-hartholz-bsp\/\"]}]},{\"@type\":\"ImageObject\",\"inLanguage\":\"fr-FR\",\"@id\":\"https:\/\/www.woodtec.ch\/erstes-hartholz-bsp\/#primaryimage\",\"url\":\"https:\/\/www.woodtec.ch\/wp-content\/uploads\/2018\/08\/IMG_3215-scaled.jpg\",\"contentUrl\":\"https:\/\/www.woodtec.ch\/wp-content\/uploads\/2018\/08\/IMG_3215-scaled.jpg\",\"width\":4000,\"height\":3000},{\"@type\":\"BreadcrumbList\",\"@id\":\"https:\/\/www.woodtec.ch\/erstes-hartholz-bsp\/#breadcrumb\",\"itemListElement\":[{\"@type\":\"ListItem\",\"position\":1,\"name\":\"Home\",\"item\":\"https:\/\/www.woodtec.ch\/fr\/\"},{\"@type\":\"ListItem\",\"position\":2,\"name\":\"Premier CLT en feuillu\"}]},{\"@type\":\"WebSite\",\"@id\":\"https:\/\/www.woodtec.ch\/en\/#website\",\"url\":\"https:\/\/www.woodtec.ch\/en\/\",\"name\":\"woodtec Fankhauser GmbH\",\"description\":\"Maschinentechnik f\u00fcr den Holzbau\",\"publisher\":{\"@id\":\"https:\/\/www.woodtec.ch\/en\/#organization\"},\"potentialAction\":[{\"@type\":\"SearchAction\",\"target\":{\"@type\":\"EntryPoint\",\"urlTemplate\":\"https:\/\/www.woodtec.ch\/en\/?s={search_term_string}\"},\"query-input\":{\"@type\":\"PropertyValueSpecification\",\"valueRequired\":true,\"valueName\":\"search_term_string\"}}],\"inLanguage\":\"fr-FR\"},{\"@type\":\"Organization\",\"@id\":\"https:\/\/www.woodtec.ch\/en\/#organization\",\"name\":\"woodtec Fankhauser GmbH\",\"url\":\"https:\/\/www.woodtec.ch\/en\/\",\"logo\":{\"@type\":\"ImageObject\",\"inLanguage\":\"fr-FR\",\"@id\":\"https:\/\/www.woodtec.ch\/en\/#\/schema\/logo\/image\/\",\"url\":\"https:\/\/www.woodtec.ch\/wp-content\/uploads\/2020\/07\/logo-woodtec.svg\",\"contentUrl\":\"https:\/\/www.woodtec.ch\/wp-content\/uploads\/2020\/07\/logo-woodtec.svg\",\"caption\":\"woodtec Fankhauser GmbH\"},\"image\":{\"@id\":\"https:\/\/www.woodtec.ch\/en\/#\/schema\/logo\/image\/\"}},{\"@type\":\"Person\",\"@id\":\"https:\/\/www.woodtec.ch\/en\/#\/schema\/person\/9279513ae2c06b2ae37e80ccf12bc013\",\"name\":\"cloudweb admin\",\"image\":{\"@type\":\"ImageObject\",\"inLanguage\":\"fr-FR\",\"@id\":\"https:\/\/www.woodtec.ch\/en\/#\/schema\/person\/image\/\",\"url\":\"https:\/\/secure.gravatar.com\/avatar\/606f72c7df6210eef0ba3cb7dbdf2188f05a4e3d78921dd69ff68542ad576340?s=96&d=mm&r=g\",\"contentUrl\":\"https:\/\/secure.gravatar.com\/avatar\/606f72c7df6210eef0ba3cb7dbdf2188f05a4e3d78921dd69ff68542ad576340?s=96&d=mm&r=g\",\"caption\":\"cloudweb admin\"},\"url\":\"https:\/\/www.woodtec.ch\/fr\/author\/cloudweb-admin\/\"}]}<\/script>\n<!-- \/ Yoast SEO plugin. -->","yoast_head_json":{"title":"Premier CLT en feuillu - woodtec Fankhauser GmbH","robots":{"index":"index","follow":"follow","max-snippet":"max-snippet:-1","max-image-preview":"max-image-preview:large","max-video-preview":"max-video-preview:-1"},"canonical":"https:\/\/www.woodtec.ch\/erstes-hartholz-bsp\/","og_locale":"fr_FR","og_type":"article","og_title":"Premier CLT en feuillu - woodtec Fankhauser GmbH","og_description":"BPS en palissandre pour MultiPly Pavilion \u00e0 Londres sur une presse \u00e0 vide","og_url":"https:\/\/www.woodtec.ch\/erstes-hartholz-bsp\/","og_site_name":"woodtec Fankhauser GmbH","article_published_time":"2018-08-09T13:33:56+00:00","article_modified_time":"2020-12-14T14:14:56+00:00","og_image":[{"width":4000,"height":3000,"url":"https:\/\/www.woodtec.ch\/wp-content\/uploads\/2018\/08\/IMG_3215-scaled.jpg","type":"image\/jpeg"}],"author":"cloudweb admin","twitter_card":"summary_large_image","twitter_misc":{"\u00c9crit par":"cloudweb admin","Dur\u00e9e de lecture estim\u00e9e":"4 minutes"},"schema":{"@context":"https:\/\/schema.org","@graph":[{"@type":"Article","@id":"https:\/\/www.woodtec.ch\/erstes-hartholz-bsp\/#article","isPartOf":{"@id":"https:\/\/www.woodtec.ch\/erstes-hartholz-bsp\/"},"author":{"name":"cloudweb admin","@id":"https:\/\/www.woodtec.ch\/en\/#\/schema\/person\/9279513ae2c06b2ae37e80ccf12bc013"},"headline":"Premier CLT en feuillu","datePublished":"2018-08-09T13:33:56+00:00","dateModified":"2020-12-14T14:14:56+00:00","mainEntityOfPage":{"@id":"https:\/\/www.woodtec.ch\/erstes-hartholz-bsp\/"},"wordCount":763,"commentCount":0,"publisher":{"@id":"https:\/\/www.woodtec.ch\/en\/#organization"},"image":{"@id":"https:\/\/www.woodtec.ch\/erstes-hartholz-bsp\/#primaryimage"},"thumbnailUrl":"https:\/\/www.woodtec.ch\/wp-content\/uploads\/2018\/08\/IMG_3215-scaled.jpg","keywords":["7"],"articleSection":["Lamell\u00e9 crois\u00e9 CLT","Portique d'application de colle","Presse \u00e0 vide"],"inLanguage":"fr-FR","potentialAction":[{"@type":"CommentAction","name":"Comment","target":["https:\/\/www.woodtec.ch\/erstes-hartholz-bsp\/#respond"]}]},{"@type":"WebPage","@id":"https:\/\/www.woodtec.ch\/erstes-hartholz-bsp\/","url":"https:\/\/www.woodtec.ch\/erstes-hartholz-bsp\/","name":"Premier CLT en feuillu - woodtec Fankhauser GmbH","isPartOf":{"@id":"https:\/\/www.woodtec.ch\/en\/#website"},"primaryImageOfPage":{"@id":"https:\/\/www.woodtec.ch\/erstes-hartholz-bsp\/#primaryimage"},"image":{"@id":"https:\/\/www.woodtec.ch\/erstes-hartholz-bsp\/#primaryimage"},"thumbnailUrl":"https:\/\/www.woodtec.ch\/wp-content\/uploads\/2018\/08\/IMG_3215-scaled.jpg","datePublished":"2018-08-09T13:33:56+00:00","dateModified":"2020-12-14T14:14:56+00:00","breadcrumb":{"@id":"https:\/\/www.woodtec.ch\/erstes-hartholz-bsp\/#breadcrumb"},"inLanguage":"fr-FR","potentialAction":[{"@type":"ReadAction","target":["https:\/\/www.woodtec.ch\/erstes-hartholz-bsp\/"]}]},{"@type":"ImageObject","inLanguage":"fr-FR","@id":"https:\/\/www.woodtec.ch\/erstes-hartholz-bsp\/#primaryimage","url":"https:\/\/www.woodtec.ch\/wp-content\/uploads\/2018\/08\/IMG_3215-scaled.jpg","contentUrl":"https:\/\/www.woodtec.ch\/wp-content\/uploads\/2018\/08\/IMG_3215-scaled.jpg","width":4000,"height":3000},{"@type":"BreadcrumbList","@id":"https:\/\/www.woodtec.ch\/erstes-hartholz-bsp\/#breadcrumb","itemListElement":[{"@type":"ListItem","position":1,"name":"Home","item":"https:\/\/www.woodtec.ch\/fr\/"},{"@type":"ListItem","position":2,"name":"Premier CLT en feuillu"}]},{"@type":"WebSite","@id":"https:\/\/www.woodtec.ch\/en\/#website","url":"https:\/\/www.woodtec.ch\/en\/","name":"woodtec Fankhauser GmbH","description":"Maschinentechnik f\u00fcr den Holzbau","publisher":{"@id":"https:\/\/www.woodtec.ch\/en\/#organization"},"potentialAction":[{"@type":"SearchAction","target":{"@type":"EntryPoint","urlTemplate":"https:\/\/www.woodtec.ch\/en\/?s={search_term_string}"},"query-input":{"@type":"PropertyValueSpecification","valueRequired":true,"valueName":"search_term_string"}}],"inLanguage":"fr-FR"},{"@type":"Organization","@id":"https:\/\/www.woodtec.ch\/en\/#organization","name":"woodtec Fankhauser GmbH","url":"https:\/\/www.woodtec.ch\/en\/","logo":{"@type":"ImageObject","inLanguage":"fr-FR","@id":"https:\/\/www.woodtec.ch\/en\/#\/schema\/logo\/image\/","url":"https:\/\/www.woodtec.ch\/wp-content\/uploads\/2020\/07\/logo-woodtec.svg","contentUrl":"https:\/\/www.woodtec.ch\/wp-content\/uploads\/2020\/07\/logo-woodtec.svg","caption":"woodtec Fankhauser GmbH"},"image":{"@id":"https:\/\/www.woodtec.ch\/en\/#\/schema\/logo\/image\/"}},{"@type":"Person","@id":"https:\/\/www.woodtec.ch\/en\/#\/schema\/person\/9279513ae2c06b2ae37e80ccf12bc013","name":"cloudweb admin","image":{"@type":"ImageObject","inLanguage":"fr-FR","@id":"https:\/\/www.woodtec.ch\/en\/#\/schema\/person\/image\/","url":"https:\/\/secure.gravatar.com\/avatar\/606f72c7df6210eef0ba3cb7dbdf2188f05a4e3d78921dd69ff68542ad576340?s=96&d=mm&r=g","contentUrl":"https:\/\/secure.gravatar.com\/avatar\/606f72c7df6210eef0ba3cb7dbdf2188f05a4e3d78921dd69ff68542ad576340?s=96&d=mm&r=g","caption":"cloudweb admin"},"url":"https:\/\/www.woodtec.ch\/fr\/author\/cloudweb-admin\/"}]}},"_links":{"self":[{"href":"https:\/\/www.woodtec.ch\/fr\/wp-json\/wp\/v2\/posts\/4482","targetHints":{"allow":["GET"]}}],"collection":[{"href":"https:\/\/www.woodtec.ch\/fr\/wp-json\/wp\/v2\/posts"}],"about":[{"href":"https:\/\/www.woodtec.ch\/fr\/wp-json\/wp\/v2\/types\/post"}],"author":[{"embeddable":true,"href":"https:\/\/www.woodtec.ch\/fr\/wp-json\/wp\/v2\/users\/3"}],"replies":[{"embeddable":true,"href":"https:\/\/www.woodtec.ch\/fr\/wp-json\/wp\/v2\/comments?post=4482"}],"version-history":[{"count":0,"href":"https:\/\/www.woodtec.ch\/fr\/wp-json\/wp\/v2\/posts\/4482\/revisions"}],"wp:featuredmedia":[{"embeddable":true,"href":"https:\/\/www.woodtec.ch\/fr\/wp-json\/wp\/v2\/media\/4022"}],"wp:attachment":[{"href":"https:\/\/www.woodtec.ch\/fr\/wp-json\/wp\/v2\/media?parent=4482"}],"wp:term":[{"taxonomy":"category","embeddable":true,"href":"https:\/\/www.woodtec.ch\/fr\/wp-json\/wp\/v2\/categories?post=4482"},{"taxonomy":"post_tag","embeddable":true,"href":"https:\/\/www.woodtec.ch\/fr\/wp-json\/wp\/v2\/tags?post=4482"}],"curies":[{"name":"wp","href":"https:\/\/api.w.org\/{rel}","templated":true}]}}